{"id":717,"date":"2025-05-28T13:20:41","date_gmt":"2025-05-28T11:20:41","guid":{"rendered":"https:\/\/www.lyre-paroissiale-surpierre.ch\/?p=717"},"modified":"2025-05-28T13:20:42","modified_gmt":"2025-05-28T11:20:42","slug":"fete-cantonale-des-musiques-fribourgeoises-gruezik-2025","status":"publish","type":"post","link":"https:\/\/www.lyre-paroissiale-surpierre.ch\/?p=717","title":{"rendered":"F\u00eate cantonale des musiques fribourgeoises \u00ab Grue\u2019Zik 2025 \u00bb"},"content":{"rendered":"\n<p>Nous avons le plaisir nous pr\u00e9senter au concours de la f\u00eate cantonale des musiques fribougeoises le jeudi 29 mai \u00e0 16h50 \u00e0 l&rsquo;aula de CO de Bulle.<\/p>\n\n\n\n<figure class=\"wp-block-image size-large\"><a href=\"https:\/\/www.lyre-paroissiale-surpierre.ch\/wp-content\/uploads\/2025\/05\/Concours-fete-cantonale-2025.jpeg\"><img loading=\"lazy\" decoding=\"async\" width=\"576\" height=\"1024\" src=\"https:\/\/www.lyre-paroissiale-surpierre.ch\/wp-content\/uploads\/2025\/05\/Concours-fete-cantonale-2025-576x1024.jpeg\" alt=\"\" class=\"wp-image-718\" srcset=\"https:\/\/www.lyre-paroissiale-surpierre.ch\/wp-content\/uploads\/2025\/05\/Concours-fete-cantonale-2025-576x1024.jpeg 576w, https:\/\/www.lyre-paroissiale-surpierre.ch\/wp-content\/uploads\/2025\/05\/Concours-fete-cantonale-2025-169x300.jpeg 169w, https:\/\/www.lyre-paroissiale-surpierre.ch\/wp-content\/uploads\/2025\/05\/Concours-fete-cantonale-2025-768x1365.jpeg 768w, https:\/\/www.lyre-paroissiale-surpierre.ch\/wp-content\/uploads\/2025\/05\/Concours-fete-cantonale-2025-864x1536.jpeg 864w, https:\/\/www.lyre-paroissiale-surpierre.ch\/wp-content\/uploads\/2025\/05\/Concours-fete-cantonale-2025.jpeg 900w\" sizes=\"auto, (max-width: 576px) 100vw, 576px\" \/><\/a><\/figure>\n","protected":false},"excerpt":{"rendered":"<p>Nous avons le plaisir nous pr\u00e9senter au concours de la f\u00eate cantonale des musiques fribougeoises le jeudi 29 mai \u00e0 16h50 \u00e0 l&rsquo;aula de CO de Bulle.<\/p>\n","protected":false},"author":2,"featured_media":0,"comment_status":"open","ping_status":"open","sticky":false,"template":"","format":"standard","meta":{"footnotes":""},"categories":[1],"tags":[],"class_list":["post-717","post","type-post","status-publish","format-standard","hentry","category-non-classe"],"_links":{"self":[{"href":"https:\/\/www.lyre-paroissiale-surpierre.ch\/index.php?rest_route=\/wp\/v2\/posts\/717","targetHints":{"allow":["GET"]}}],"collection":[{"href":"https:\/\/www.lyre-paroissiale-surpierre.ch\/index.php?rest_route=\/wp\/v2\/posts"}],"about":[{"href":"https:\/\/www.lyre-paroissiale-surpierre.ch\/index.php?rest_route=\/wp\/v2\/types\/post"}],"author":[{"embeddable":true,"href":"https:\/\/www.lyre-paroissiale-surpierre.ch\/index.php?rest_route=\/wp\/v2\/users\/2"}],"replies":[{"embeddable":true,"href":"https:\/\/www.lyre-paroissiale-surpierre.ch\/index.php?rest_route=%2Fwp%2Fv2%2Fcomments&post=717"}],"version-history":[{"count":1,"href":"https:\/\/www.lyre-paroissiale-surpierre.ch\/index.php?rest_route=\/wp\/v2\/posts\/717\/revisions"}],"predecessor-version":[{"id":719,"href":"https:\/\/www.lyre-paroissiale-surpierre.ch\/index.php?rest_route=\/wp\/v2\/posts\/717\/revisions\/719"}],"wp:attachment":[{"href":"https:\/\/www.lyre-paroissiale-surpierre.ch\/index.php?rest_route=%2Fwp%2Fv2%2Fmedia&parent=717"}],"wp:term":[{"taxonomy":"category","embeddable":true,"href":"https:\/\/www.lyre-paroissiale-surpierre.ch\/index.php?rest_route=%2Fwp%2Fv2%2Fcategories&post=717"},{"taxonomy":"post_tag","embeddable":true,"href":"https:\/\/www.lyre-paroissiale-surpierre.ch\/index.php?rest_route=%2Fwp%2Fv2%2Ftags&post=717"}],"curies":[{"name":"wp","href":"https:\/\/api.w.org\/{rel}","templated":true}]}}