{"id":745,"date":"2026-03-13T10:14:12","date_gmt":"2026-03-13T09:14:12","guid":{"rendered":"https:\/\/www.lyre-paroissiale-surpierre.ch\/?p=745"},"modified":"2026-03-13T10:14:13","modified_gmt":"2026-03-13T09:14:13","slug":"concert-annuel-2026","status":"publish","type":"post","link":"https:\/\/www.lyre-paroissiale-surpierre.ch\/?p=745","title":{"rendered":"Concert annuel 2026"},"content":{"rendered":"\n<p>La Lyre Paroissiale de Surpierre a le plaisir de vous invitez \u00e0 son concert annuel qui aura lieu le dimanche 22 mars 2026 \u00e0 14h \u00e0 la grande salle de Surpierre ou d\u00e8s 11h30 pour le repas sur r\u00e9servation.<\/p>\n\n\n\n<figure class=\"wp-block-image size-full\"><a href=\"https:\/\/www.lyre-paroissiale-surpierre.ch\/wp-content\/uploads\/2026\/03\/Concert-2026-1ere-page.jpg\"><img loading=\"lazy\" decoding=\"async\" width=\"724\" height=\"1024\" src=\"https:\/\/www.lyre-paroissiale-surpierre.ch\/wp-content\/uploads\/2026\/03\/Concert-2026-1ere-page.jpg\" alt=\"\" class=\"wp-image-747\" srcset=\"https:\/\/www.lyre-paroissiale-surpierre.ch\/wp-content\/uploads\/2026\/03\/Concert-2026-1ere-page.jpg 724w, https:\/\/www.lyre-paroissiale-surpierre.ch\/wp-content\/uploads\/2026\/03\/Concert-2026-1ere-page-212x300.jpg 212w\" sizes=\"auto, (max-width: 724px) 100vw, 724px\" \/><\/a><\/figure>\n\n\n\n<p>Notre flyer avec toutes les informations sur notre concert :<\/p>\n\n\n\n<div data-wp-interactive=\"core\/file\" class=\"wp-block-file\"><object data-wp-bind--hidden=\"!state.hasPdfPreview\" hidden class=\"wp-block-file__embed\" data=\"https:\/\/www.lyre-paroissiale-surpierre.ch\/wp-content\/uploads\/2026\/03\/Flyers-Concert-2026-complet.pdf\" type=\"application\/pdf\" style=\"width:100%;height:600px\" aria-label=\"Contenu embarqu\u00e9 Flyers Concert 2026  complet.\"><\/object><a id=\"wp-block-file--media-cb282ce0-450d-49e9-954e-1a7bb7d815d4\" href=\"https:\/\/www.lyre-paroissiale-surpierre.ch\/wp-content\/uploads\/2026\/03\/Flyers-Concert-2026-complet.pdf\">Flyers Concert 2026  complet<\/a><a href=\"https:\/\/www.lyre-paroissiale-surpierre.ch\/wp-content\/uploads\/2026\/03\/Flyers-Concert-2026-complet.pdf\" class=\"wp-block-file__button wp-element-button\" download aria-describedby=\"wp-block-file--media-cb282ce0-450d-49e9-954e-1a7bb7d815d4\">T\u00e9l\u00e9charger<\/a><\/div>\n\n\n\n<p>Vous pouvez nous transmettre votre r\u00e9servation jusqu\u2019au 15 mars par :<\/p>\n\n\n\n<ul class=\"wp-block-list\">\n<li>Message \u00e9lectronique \u00e0 <a href=\"mailto:jp.nicolet@bluewin.ch\">jp.nicolet@bluewin.ch<\/a><\/li>\n\n\n\n<li>SMS ou t\u00e9l\u00e9phone au 079 679 92 12<\/li>\n<\/ul>\n","protected":false},"excerpt":{"rendered":"<p>La Lyre Paroissiale de Surpierre a le plaisir de vous invitez \u00e0 son concert annuel qui aura lieu le dimanche 22 mars 2026 \u00e0 14h \u00e0 la grande salle de Surpierre ou d\u00e8s 11h30 pour le repas sur r\u00e9servation. Notre flyer avec toutes les informations sur notre concert : Vous pouvez nous transmettre votre r\u00e9servation [&hellip;]<\/p>\n","protected":false},"author":2,"featured_media":0,"comment_status":"open","ping_status":"open","sticky":false,"template":"","format":"standard","meta":{"footnotes":""},"categories":[1],"tags":[],"class_list":["post-745","post","type-post","status-publish","format-standard","hentry","category-non-classe"],"_links":{"self":[{"href":"https:\/\/www.lyre-paroissiale-surpierre.ch\/index.php?rest_route=\/wp\/v2\/posts\/745","targetHints":{"allow":["GET"]}}],"collection":[{"href":"https:\/\/www.lyre-paroissiale-surpierre.ch\/index.php?rest_route=\/wp\/v2\/posts"}],"about":[{"href":"https:\/\/www.lyre-paroissiale-surpierre.ch\/index.php?rest_route=\/wp\/v2\/types\/post"}],"author":[{"embeddable":true,"href":"https:\/\/www.lyre-paroissiale-surpierre.ch\/index.php?rest_route=\/wp\/v2\/users\/2"}],"replies":[{"embeddable":true,"href":"https:\/\/www.lyre-paroissiale-surpierre.ch\/index.php?rest_route=%2Fwp%2Fv2%2Fcomments&post=745"}],"version-history":[{"count":1,"href":"https:\/\/www.lyre-paroissiale-surpierre.ch\/index.php?rest_route=\/wp\/v2\/posts\/745\/revisions"}],"predecessor-version":[{"id":748,"href":"https:\/\/www.lyre-paroissiale-surpierre.ch\/index.php?rest_route=\/wp\/v2\/posts\/745\/revisions\/748"}],"wp:attachment":[{"href":"https:\/\/www.lyre-paroissiale-surpierre.ch\/index.php?rest_route=%2Fwp%2Fv2%2Fmedia&parent=745"}],"wp:term":[{"taxonomy":"category","embeddable":true,"href":"https:\/\/www.lyre-paroissiale-surpierre.ch\/index.php?rest_route=%2Fwp%2Fv2%2Fcategories&post=745"},{"taxonomy":"post_tag","embeddable":true,"href":"https:\/\/www.lyre-paroissiale-surpierre.ch\/index.php?rest_route=%2Fwp%2Fv2%2Ftags&post=745"}],"curies":[{"name":"wp","href":"https:\/\/api.w.org\/{rel}","templated":true}]}}